{"id":2702,"date":"2024-12-02T10:37:11","date_gmt":"2024-12-02T09:37:11","guid":{"rendered":"https:\/\/www.caisalud.com\/?p=2702"},"modified":"2024-12-02T10:38:57","modified_gmt":"2024-12-02T09:38:57","slug":"the-importance-of-childrens-audiology-15","status":"publish","type":"post","link":"https:\/\/www.caisalud.com\/en\/the-importance-of-childrens-audiology-15\/","title":{"rendered":"The importance of children&#8217;s audiology"},"content":{"rendered":"\t\t<div data-elementor-type=\"wp-post\" data-elementor-id=\"2702\" class=\"elementor elementor-2702 elementor-2701\" data-elementor-post-type=\"post\">\n\t\t\t\t<div class=\"elementor-element elementor-element-24590ab e-con-full e-flex e-con e-parent\" data-id=\"24590ab\" data-element_type=\"container\" data-settings=\"{&quot;content_width&quot;:&quot;full&quot;,&quot;container_type&quot;:&quot;flex&quot;}\" data-core-v316-plus=\"true\">\n\t\t\t\t<div class=\"elementor-element elementor-element-e720b4b elementor-widget-tablet_extra__width-initial elementor-widget elementor-widget-text-editor\" data-id=\"e720b4b\" data-element_type=\"widget\" data-widget_type=\"text-editor.default\">\n\t\t\t\t<div class=\"elementor-widget-container\">\n\t\t\t<style>\/*! elementor - v3.19.0 - 29-01-2024 *\/\n.elementor-widget-text-editor.elementor-drop-cap-view-stacked .elementor-drop-cap{background-color:#69727d;color:#fff}.elementor-widget-text-editor.elementor-drop-cap-view-framed .elementor-drop-cap{color:#69727d;border:3px solid;background-color:transparent}.elementor-widget-text-editor:not(.elementor-drop-cap-view-default) .elementor-drop-cap{margin-top:8px}.elementor-widget-text-editor:not(.elementor-drop-cap-view-default) .elementor-drop-cap-letter{width:1em;height:1em}.elementor-widget-text-editor .elementor-drop-cap{float:left;text-align:center;line-height:1;font-size:50px}.elementor-widget-text-editor .elementor-drop-cap-letter{display:inline-block}<\/style>\t\t\t\t<p>Children&#8217;s audiology is advancing at a fantastic pace, as today&#8217;s technologies combined with regular rehabilitation provide more opportunities for children with hearing problems.<\/p>\n<p>Nowadays, neonatal screening is performed at birth and with this, a programme for rehabilitation can be implemented in the shortest possible time, which makes improvement possible.<\/p>\n<p>The paediatric audiologist specialises in providing children with hearing loss with all the resources for diagnosis, assessment, auditory stimulation and prosthetic rehabilitation.<\/p>\n\t\t\t\t\t\t<\/div>\n\t\t\t\t<\/div>\n\t\t\t\t<\/div>\n\t\t<div class=\"elementor-element elementor-element-ea28357 e-flex e-con-boxed e-con e-parent\" data-id=\"ea28357\" data-element_type=\"container\" data-settings=\"{&quot;container_type&quot;:&quot;flex&quot;,&quot;content_width&quot;:&quot;boxed&quot;}\" data-core-v316-plus=\"true\">\n\t\t\t\t\t<div class=\"e-con-inner\">\n\t\t\t\t<div class=\"elementor-element elementor-element-5a5c405 elementor-widget elementor-widget-heading\" data-id=\"5a5c405\" data-element_type=\"widget\" data-widget_type=\"heading.default\">\n\t\t\t\t<div class=\"elementor-widget-container\">\n\t\t\t<style>\/*! elementor - v3.19.0 - 29-01-2024 *\/\n.elementor-heading-title{padding:0;margin:0;line-height:1}.elementor-widget-heading .elementor-heading-title[class*=elementor-size-]>a{color:inherit;font-size:inherit;line-height:inherit}.elementor-widget-heading .elementor-heading-title.elementor-size-small{font-size:15px}.elementor-widget-heading .elementor-heading-title.elementor-size-medium{font-size:19px}.elementor-widget-heading .elementor-heading-title.elementor-size-large{font-size:29px}.elementor-widget-heading .elementor-heading-title.elementor-size-xl{font-size:39px}.elementor-widget-heading .elementor-heading-title.elementor-size-xxl{font-size:59px}<\/style><h2 class=\"elementor-heading-title elementor-size-default\">\u00bfCu\u00e1les son los problemas auditivos m\u00e1s frecuentes en la poblaci\u00f3n?<\/h2>\t\t<\/div>\n\t\t\t\t<\/div>\n\t\t\t\t<div class=\"elementor-element elementor-element-0089912 elementor-widget-tablet_extra__width-initial elementor-widget elementor-widget-text-editor\" data-id=\"0089912\" data-element_type=\"widget\" data-widget_type=\"text-editor.default\">\n\t\t\t\t<div class=\"elementor-widget-container\">\n\t\t\t\t\t\t\t<p>La p\u00e9rdida de audici\u00f3n puede manifestarse de diferentes maneras. Estos son algunos de los problemas auditivos m\u00e1s comunes:<\/p>\n\t\t\t\t\t\t<\/div>\n\t\t\t\t<\/div>\n\t\t\t\t<div class=\"elementor-element elementor-element-178c61e elementor-widget elementor-widget-heading\" data-id=\"178c61e\" data-element_type=\"widget\" data-widget_type=\"heading.default\">\n\t\t\t\t<div class=\"elementor-widget-container\">\n\t\t\t<h3 class=\"elementor-heading-title elementor-size-default\">Presbiacusia<\/h3>\t\t<\/div>\n\t\t\t\t<\/div>\n\t\t\t\t<div class=\"elementor-element elementor-element-86d66d6 elementor-widget-tablet_extra__width-initial elementor-widget elementor-widget-text-editor\" data-id=\"86d66d6\" data-element_type=\"widget\" data-widget_type=\"text-editor.default\">\n\t\t\t\t<div class=\"elementor-widget-container\">\n\t\t\t\t\t\t\t<p>La presbiacusia es una <strong>p\u00e9rdida auditiva progresiva<\/strong> asociada al envejecimiento. Es una de las causas m\u00e1s comunes de p\u00e9rdida auditiva en personas mayores de 60 a\u00f1os.<\/p>\n<p>Aproximadamente un tercio de las personas mayores de 65 a\u00f1os experimentan p\u00e9rdida de audici\u00f3n discapacitante.<\/p>\n\t\t\t\t\t\t<\/div>\n\t\t\t\t<\/div>\n\t\t\t\t<div class=\"elementor-element elementor-element-0cfe144 elementor-widget elementor-widget-heading\" data-id=\"0cfe144\" data-element_type=\"widget\" data-widget_type=\"heading.default\">\n\t\t\t\t<div class=\"elementor-widget-container\">\n\t\t\t<h3 class=\"elementor-heading-title elementor-size-default\">Hipoacusia s\u00fabita<\/h3>\t\t<\/div>\n\t\t\t\t<\/div>\n\t\t\t\t<div class=\"elementor-element elementor-element-2463552 elementor-widget-tablet_extra__width-initial elementor-widget elementor-widget-text-editor\" data-id=\"2463552\" data-element_type=\"widget\" data-widget_type=\"text-editor.default\">\n\t\t\t\t<div class=\"elementor-widget-container\">\n\t\t\t\t\t\t\t<p>Aunque es menos com\u00fan, representa alrededor del 1% de las hipoacusias neurosensoriales. La hipoacusia s\u00fabita es una p\u00e9rdida auditiva que ocurre de forma repentina, <b>generalmente en un solo o\u00eddo<\/b>. Las personas que la experimentan pueden notar una reducci\u00f3n brusca de la audici\u00f3n, en ocasiones acompa\u00f1ada de un sonido agudo o tinnitus.\u00a0<\/p>\n\t\t\t\t\t\t<\/div>\n\t\t\t\t<\/div>\n\t\t\t\t<div class=\"elementor-element elementor-element-1d9c806 elementor-widget elementor-widget-heading\" data-id=\"1d9c806\" data-element_type=\"widget\" data-widget_type=\"heading.default\">\n\t\t\t\t<div class=\"elementor-widget-container\">\n\t\t\t<h3 class=\"elementor-heading-title elementor-size-default\">Otitis media<\/h3>\t\t<\/div>\n\t\t\t\t<\/div>\n\t\t\t\t<div class=\"elementor-element elementor-element-e48989f elementor-widget-tablet_extra__width-initial elementor-widget elementor-widget-text-editor\" data-id=\"e48989f\" data-element_type=\"widget\" data-widget_type=\"text-editor.default\">\n\t\t\t\t<div class=\"elementor-widget-container\">\n\t\t\t\t\t\t\t<p>Se estima que m\u00e1s del <b>80% de los ni\u00f1os <\/b>experimentan al menos un episodio de otitis media aguda antes de los 3 a\u00f1os. En adultos, la otitis media cr\u00f3nica representa aproximadamente el 60.6% de las consultas otol\u00f3gicas ambulatorias.<\/p>\n<p>Esta condici\u00f3n <b>genera dolor, inflamaci\u00f3n<\/b> y, en algunos casos, p\u00e9rdida temporal de la audici\u00f3n. La otitis media recurrente puede causar problemas auditivos a largo plazo si no se trata adecuadamente.<\/p>\n\t\t\t\t\t\t<\/div>\n\t\t\t\t<\/div>\n\t\t\t\t<div class=\"elementor-element elementor-element-c0404c9 elementor-widget elementor-widget-heading\" data-id=\"c0404c9\" data-element_type=\"widget\" data-widget_type=\"heading.default\">\n\t\t\t\t<div class=\"elementor-widget-container\">\n\t\t\t<h3 class=\"elementor-heading-title elementor-size-default\">Trauma ac\u00fastico<\/h3>\t\t<\/div>\n\t\t\t\t<\/div>\n\t\t\t\t<div class=\"elementor-element elementor-element-851187b elementor-widget-tablet_extra__width-initial elementor-widget elementor-widget-text-editor\" data-id=\"851187b\" data-element_type=\"widget\" data-widget_type=\"text-editor.default\">\n\t\t\t\t<div class=\"elementor-widget-container\">\n\t\t\t\t\t\t\t<p>El trauma ac\u00fastico se produce por la <b>exposici\u00f3n a ruidos extremadamente fuertes<\/b>, como explosiones o sonidos industriales, y puede provocar da\u00f1o en las c\u00e9lulas sensoriales del o\u00eddo interno.<\/p>\n<p>\u00a0Esta p\u00e9rdida auditiva suele ser irreversible, y es una de las principales causas de deficiencia auditiva en personas que trabajan en entornos ruidosos.<\/p>\n<p>La OMS estima que<b> m\u00e1s de 1.000 millones de j\u00f3venes<\/b> corren el riesgo de sufrir p\u00e9rdida auditiva debido a pr\u00e1cticas de escucha inseguras.<\/p>\n\t\t\t\t\t\t<\/div>\n\t\t\t\t<\/div>\n\t\t\t\t<div class=\"elementor-element elementor-element-c022267 elementor-widget elementor-widget-heading\" data-id=\"c022267\" data-element_type=\"widget\" data-widget_type=\"heading.default\">\n\t\t\t\t<div class=\"elementor-widget-container\">\n\t\t\t<h3 class=\"elementor-heading-title elementor-size-default\">Otosclerosis<\/h3>\t\t<\/div>\n\t\t\t\t<\/div>\n\t\t\t\t<div class=\"elementor-element elementor-element-8a73e1c elementor-widget-tablet_extra__width-initial elementor-widget elementor-widget-text-editor\" data-id=\"8a73e1c\" data-element_type=\"widget\" data-widget_type=\"text-editor.default\">\n\t\t\t\t<div class=\"elementor-widget-container\">\n\t\t\t\t\t\t\t<p>Esta enfermedad afecta la movilidad de los huesecillos encargados de transmitir el sonido al o\u00eddo interno. Adem\u00e1s, tiene un c<b>omponente gen\u00e9tico <\/b>que\u00a0provoca una p\u00e9rdida auditiva progresiva y, en algunos casos, requiere de cirug\u00eda para mejorar la audici\u00f3n.<\/p>\n<p>Es m\u00e1s com\u00fan en mujeres y suele manifestarse entre los 20 y 40 a\u00f1os.<\/p>\n<p><span style=\"color: var( --e-global-color-text ); font-family: var( --e-global-typography-text-font-family ), Sans-serif; font-size: var( --e-global-typography-text-font-size ); font-weight: var( --e-global-typography-text-font-weight ); text-align: var(--text-align);\">La OMS estima que<\/span><b style=\"color: var( --e-global-color-text ); font-family: var( --e-global-typography-text-font-family ), Sans-serif; font-size: var( --e-global-typography-text-font-size ); text-align: var(--text-align);\"> m\u00e1s de 1.000 millones de j\u00f3venes<\/b><span style=\"color: var( --e-global-color-text ); font-family: var( --e-global-typography-text-font-family ), Sans-serif; font-size: var( --e-global-typography-text-font-size ); font-weight: var( --e-global-typography-text-font-weight ); text-align: var(--text-align);\"> corren el riesgo de sufrir p\u00e9rdida auditiva debido a pr\u00e1cticas de escucha inseguras.<\/span><\/p>\n\t\t\t\t\t\t<\/div>\n\t\t\t\t<\/div>\n\t\t\t\t<div class=\"elementor-element elementor-element-d82280e elementor-widget elementor-widget-heading\" data-id=\"d82280e\" data-element_type=\"widget\" data-widget_type=\"heading.default\">\n\t\t\t\t<div class=\"elementor-widget-container\">\n\t\t\t<h3 class=\"elementor-heading-title elementor-size-default\">Tinnitus<\/h3>\t\t<\/div>\n\t\t\t\t<\/div>\n\t\t\t\t<div class=\"elementor-element elementor-element-82d6b3c elementor-widget-tablet_extra__width-initial elementor-widget elementor-widget-text-editor\" data-id=\"82d6b3c\" data-element_type=\"widget\" data-widget_type=\"text-editor.default\">\n\t\t\t\t<div class=\"elementor-widget-container\">\n\t\t\t\t\t\t\t<p>El tinnitus, o ac\u00fafeno, es la percepci\u00f3n de un zumbido o pitido en el o\u00eddo que no proviene de ninguna fuente externa.<\/p>\n<p>Aunque <strong>no es una deficiencia auditiva en s\u00ed misma<\/strong>, el tinnitus puede afectar la calidad de vida y, en algunos casos, estar asociado a p\u00e9rdida auditiva.<\/p>\n\t\t\t\t\t\t<\/div>\n\t\t\t\t<\/div>\n\t\t\t\t\t<\/div>\n\t\t\t\t<\/div>\n\t\t<div class=\"elementor-element elementor-element-209496c e-flex e-con-boxed e-con e-parent\" data-id=\"209496c\" data-element_type=\"container\" data-settings=\"{&quot;container_type&quot;:&quot;flex&quot;,&quot;content_width&quot;:&quot;boxed&quot;}\" data-core-v316-plus=\"true\">\n\t\t\t\t\t<div class=\"e-con-inner\">\n\t\t\t\t<div class=\"elementor-element elementor-element-b46fbec elementor-widget elementor-widget-heading\" data-id=\"b46fbec\" data-element_type=\"widget\" data-widget_type=\"heading.default\">\n\t\t\t\t<div class=\"elementor-widget-container\">\n\t\t\t<h2 class=\"elementor-heading-title elementor-size-default\">Causas comunes de las deficiencias auditivas<\/h2>\t\t<\/div>\n\t\t\t\t<\/div>\n\t\t\t\t<div class=\"elementor-element elementor-element-043f919 elementor-widget elementor-widget-text-editor\" data-id=\"043f919\" data-element_type=\"widget\" data-widget_type=\"text-editor.default\">\n\t\t\t\t<div class=\"elementor-widget-container\">\n\t\t\t\t\t\t\t<p>Un paciente puede presentar diferentes cuadros de discapacidad auditiva.<\/p>\n\t\t\t\t\t\t<\/div>\n\t\t\t\t<\/div>\n\t\t\t\t<div class=\"elementor-element elementor-element-8ada30d elementor-widget elementor-widget-heading\" data-id=\"8ada30d\" data-element_type=\"widget\" data-widget_type=\"heading.default\">\n\t\t\t\t<div class=\"elementor-widget-container\">\n\t\t\t<h3 class=\"elementor-heading-title elementor-size-default\">Exposici\u00f3n al ruido<\/h3>\t\t<\/div>\n\t\t\t\t<\/div>\n\t\t\t\t<div class=\"elementor-element elementor-element-67de85a elementor-widget elementor-widget-text-editor\" data-id=\"67de85a\" data-element_type=\"widget\" data-widget_type=\"text-editor.default\">\n\t\t\t\t<div class=\"elementor-widget-container\">\n\t\t\t\t\t\t\t<p>La exposici\u00f3n prolongada a sonidos fuertes es una de las principales causas de p\u00e9rdida auditiva. Las personas que trabajan en entornos ruidosos, como f\u00e1bricas o construcci\u00f3n, son especialmente vulnerables a este tipo de deficiencia.<\/p>\n\t\t\t\t\t\t<\/div>\n\t\t\t\t<\/div>\n\t\t\t\t<div class=\"elementor-element elementor-element-d86bd2a elementor-widget elementor-widget-heading\" data-id=\"d86bd2a\" data-element_type=\"widget\" data-widget_type=\"heading.default\">\n\t\t\t\t<div class=\"elementor-widget-container\">\n\t\t\t<h3 class=\"elementor-heading-title elementor-size-default\">Infecciones y enfermedades<\/h3>\t\t<\/div>\n\t\t\t\t<\/div>\n\t\t\t\t<div class=\"elementor-element elementor-element-43b6303 elementor-widget elementor-widget-text-editor\" data-id=\"43b6303\" data-element_type=\"widget\" data-widget_type=\"text-editor.default\">\n\t\t\t\t<div class=\"elementor-widget-container\">\n\t\t\t\t\t\t\t<p>Algunas infecciones, como la <b>meningitis<\/b>, y enfermedades como la diabetes o problemas cardiovasculares, pueden afectar la salud auditiva. Estas condiciones pueden da\u00f1ar el o\u00eddo interno o interferir en el flujo sangu\u00edneo, afectando la funci\u00f3n auditiva.<\/p>\n\t\t\t\t\t\t<\/div>\n\t\t\t\t<\/div>\n\t\t\t\t<div class=\"elementor-element elementor-element-5efc72f elementor-widget elementor-widget-heading\" data-id=\"5efc72f\" data-element_type=\"widget\" data-widget_type=\"heading.default\">\n\t\t\t\t<div class=\"elementor-widget-container\">\n\t\t\t<h3 class=\"elementor-heading-title elementor-size-default\">Factores gen\u00e9ticos<\/h3>\t\t<\/div>\n\t\t\t\t<\/div>\n\t\t\t\t<div class=\"elementor-element elementor-element-fb1773d elementor-widget elementor-widget-text-editor\" data-id=\"fb1773d\" data-element_type=\"widget\" data-widget_type=\"text-editor.default\">\n\t\t\t\t<div class=\"elementor-widget-container\">\n\t\t\t\t\t\t\t<p>Algunas personas tienen predisposici\u00f3n a desarrollar ciertos problemas auditivos, como la <b>otosclerosis <\/b>o la <b>hipoacusia <\/b>de transmisi\u00f3n. Es importante conocer el historial familiar para tomar medidas preventivas.<\/p>\n\t\t\t\t\t\t<\/div>\n\t\t\t\t<\/div>\n\t\t\t\t<div class=\"elementor-element elementor-element-3fc50a2 elementor-widget elementor-widget-heading\" data-id=\"3fc50a2\" data-element_type=\"widget\" data-widget_type=\"heading.default\">\n\t\t\t\t<div class=\"elementor-widget-container\">\n\t\t\t<h2 class=\"elementor-heading-title elementor-size-default\">Tratamiento y soluciones para las deficiencias auditivas<\/h2>\t\t<\/div>\n\t\t\t\t<\/div>\n\t\t\t\t<div class=\"elementor-element elementor-element-06b0476 elementor-widget elementor-widget-text-editor\" data-id=\"06b0476\" data-element_type=\"widget\" data-widget_type=\"text-editor.default\">\n\t\t\t\t<div class=\"elementor-widget-container\">\n\t\t\t\t\t\t\t<p>Afortunadamente, existen m\u00faltiples soluciones para mejorar la audici\u00f3n y, en muchos casos, recuperar la calidad de vida de las personas con deficiencias auditivas.<\/p>\n\t\t\t\t\t\t<\/div>\n\t\t\t\t<\/div>\n\t\t\t\t<div class=\"elementor-element elementor-element-5482db1 elementor-widget elementor-widget-heading\" data-id=\"5482db1\" data-element_type=\"widget\" data-widget_type=\"heading.default\">\n\t\t\t\t<div class=\"elementor-widget-container\">\n\t\t\t<h3 class=\"elementor-heading-title elementor-size-default\">Aud\u00edfonos<\/h3>\t\t<\/div>\n\t\t\t\t<\/div>\n\t\t\t\t<div class=\"elementor-element elementor-element-c2d155f elementor-widget elementor-widget-text-editor\" data-id=\"c2d155f\" data-element_type=\"widget\" data-widget_type=\"text-editor.default\">\n\t\t\t\t<div class=\"elementor-widget-container\">\n\t\t\t\t\t\t\t<div class=\"flex max-w-full flex-col flex-grow\">\n<div class=\"min-h-8 text-message flex w-full flex-col items-end gap-2 whitespace-normal break-words [.text-message+&amp;]:mt-5\" dir=\"auto\" data-message-author-role=\"assistant\" data-message-id=\"51dd0eff-4ab2-4f81-b4d1-015d2bcb0529\" data-message-model-slug=\"gpt-4o\">\n<div class=\"flex w-full flex-col gap-1 empty:hidden first:pt-[3px]\">\n<div class=\"markdown prose w-full break-words dark:prose-invert light\">\n<p>Los aud\u00edfonos son dispositivos que amplifican el sonido y ayudan a las personas con p\u00e9rdida auditiva a percibir mejor los sonidos de su entorno.\u00a0<\/p>\n<p>Existen diferentes tipos de aud\u00edfonos, desde los m\u00e1s discretos hasta los m\u00e1s potentes, y pueden ser ajustados para adaptarse a las necesidades espec\u00edficas de cada persona.\u00a0<\/p>\n<p>Al considerar su compra, muchos se preguntan <strong><a href=\"https:\/\/www.caisalud.com\/cuanto-cuestan-unos-audifonos-para-sordera\/\">cu\u00e1nto cuestan unos aud\u00edfonos<\/a><\/strong>, ya que su precio var\u00eda ampliamente seg\u00fan la tecnolog\u00eda, el dise\u00f1o y las caracter\u00edsticas personalizadas de cada modelo.<\/p>\n<\/div>\n<\/div>\n<\/div>\n<\/div>\n\t\t\t\t\t\t<\/div>\n\t\t\t\t<\/div>\n\t\t\t\t<div class=\"elementor-element elementor-element-c00dee2 elementor-widget elementor-widget-heading\" data-id=\"c00dee2\" data-element_type=\"widget\" data-widget_type=\"heading.default\">\n\t\t\t\t<div class=\"elementor-widget-container\">\n\t\t\t<h3 class=\"elementor-heading-title elementor-size-default\">Implantes cocleares<\/h3>\t\t<\/div>\n\t\t\t\t<\/div>\n\t\t\t\t<div class=\"elementor-element elementor-element-16103a2 elementor-widget elementor-widget-text-editor\" data-id=\"16103a2\" data-element_type=\"widget\" data-widget_type=\"text-editor.default\">\n\t\t\t\t<div class=\"elementor-widget-container\">\n\t\t\t\t\t\t\t<div class=\"flex max-w-full flex-col flex-grow\">\n<div class=\"min-h-8 text-message flex w-full flex-col items-end gap-2 whitespace-normal break-words [.text-message+&amp;]:mt-5\" dir=\"auto\" data-message-author-role=\"assistant\" data-message-id=\"51dd0eff-4ab2-4f81-b4d1-015d2bcb0529\" data-message-model-slug=\"gpt-4o\">\n<div class=\"flex w-full flex-col gap-1 empty:hidden first:pt-[3px]\">\n<div class=\"markdown prose w-full break-words dark:prose-invert light\">\n<p>Para aquellos con p\u00e9rdida auditiva profunda que no se benefician de los aud\u00edfonos, los implantes cocleares son una excelente opci\u00f3n.\u00a0<\/p>\n<p>Estos dispositivos electr\u00f3nicos se implantan quir\u00fargicamente en el o\u00eddo interno y <b>estimulan directamente el nervio auditivo<\/b>, permitiendo una percepci\u00f3n del sonido m\u00e1s efectiva.<\/p>\n<\/div>\n<\/div>\n<\/div>\n<\/div>\n\t\t\t\t\t\t<\/div>\n\t\t\t\t<\/div>\n\t\t\t\t<div class=\"elementor-element elementor-element-156d9fe elementor-widget elementor-widget-heading\" data-id=\"156d9fe\" data-element_type=\"widget\" data-widget_type=\"heading.default\">\n\t\t\t\t<div class=\"elementor-widget-container\">\n\t\t\t<h3 class=\"elementor-heading-title elementor-size-default\">Terapias auditivas y rehabilitaci\u00f3n<\/h3>\t\t<\/div>\n\t\t\t\t<\/div>\n\t\t\t\t<div class=\"elementor-element elementor-element-84f137f elementor-widget elementor-widget-text-editor\" data-id=\"84f137f\" data-element_type=\"widget\" data-widget_type=\"text-editor.default\">\n\t\t\t\t<div class=\"elementor-widget-container\">\n\t\t\t\t\t\t\t<div class=\"flex max-w-full flex-col flex-grow\">\n<div class=\"min-h-8 text-message flex w-full flex-col items-end gap-2 whitespace-normal break-words [.text-message+&amp;]:mt-5\" dir=\"auto\" data-message-author-role=\"assistant\" data-message-id=\"51dd0eff-4ab2-4f81-b4d1-015d2bcb0529\" data-message-model-slug=\"gpt-4o\">\n<div class=\"flex w-full flex-col gap-1 empty:hidden first:pt-[3px]\">\n<div class=\"markdown prose w-full break-words dark:prose-invert light\">\n<p>La rehabilitaci\u00f3n auditiva incluye diversas terapias y ejercicios para ayudar a las personas a <b>adaptarse a sus dispositivos auditivos <\/b>y mejorar su comprensi\u00f3n del sonido. La terapia auditiva puede ser especialmente \u00fatil para quienes han experimentado una p\u00e9rdida auditiva repentina.<\/p>\n<\/div>\n<\/div>\n<\/div>\n<\/div>\n\t\t\t\t\t\t<\/div>\n\t\t\t\t<\/div>\n\t\t\t\t<div class=\"elementor-element elementor-element-cf46adf elementor-widget elementor-widget-heading\" data-id=\"cf46adf\" data-element_type=\"widget\" data-widget_type=\"heading.default\">\n\t\t\t\t<div class=\"elementor-widget-container\">\n\t\t\t<h3 class=\"elementor-heading-title elementor-size-default\">Cuidados preventivos para la salud auditiva<\/h3>\t\t<\/div>\n\t\t\t\t<\/div>\n\t\t\t\t<div class=\"elementor-element elementor-element-0a1c3fc elementor-widget elementor-widget-text-editor\" data-id=\"0a1c3fc\" data-element_type=\"widget\" data-widget_type=\"text-editor.default\">\n\t\t\t\t<div class=\"elementor-widget-container\">\n\t\t\t\t\t\t\t<div class=\"flex max-w-full flex-col flex-grow\">\n<div class=\"min-h-8 text-message flex w-full flex-col items-end gap-2 whitespace-normal break-words [.text-message+&amp;]:mt-5\" dir=\"auto\" data-message-author-role=\"assistant\" data-message-id=\"51dd0eff-4ab2-4f81-b4d1-015d2bcb0529\" data-message-model-slug=\"gpt-4o\">\n<div class=\"flex w-full flex-col gap-1 empty:hidden first:pt-[3px]\">\n<div class=\"markdown prose w-full break-words dark:prose-invert light\">\n<p>Para prevenir problemas auditivos, es esencial <b>proteger los o\u00eddos<\/b> del ruido intenso, mantener una buena higiene auditiva y acudir a revisiones peri\u00f3dicas con un especialista.<\/p>\n<\/div>\n<\/div>\n<\/div>\n<\/div>\n\t\t\t\t\t\t<\/div>\n\t\t\t\t<\/div>\n\t\t\t\t\t<\/div>\n\t\t\t\t<\/div>\n\t\t<div class=\"elementor-element elementor-element-b0b40bc e-con-full e-flex e-con e-parent\" data-id=\"b0b40bc\" data-element_type=\"container\" data-settings=\"{&quot;content_width&quot;:&quot;full&quot;,&quot;container_type&quot;:&quot;flex&quot;}\" data-core-v316-plus=\"true\">\n\t\t\t\t<div class=\"elementor-element elementor-element-35ae108 elementor-widget-tablet_extra__width-initial elementor-widget elementor-widget-text-editor\" data-id=\"35ae108\" data-element_type=\"widget\" data-widget_type=\"text-editor.default\">\n\t\t\t\t<div class=\"elementor-widget-container\">\n\t\t\t\t\t\t\t<p>Recuerda: el primer paso hacia una buena salud auditiva es estar informado y actuar con responsabilidad. Escucha la vida\u2026 \u00a1Y no dejes que ning\u00fan sonido importante pase desapercibido!<\/p>\n<p><em><strong>En CAI Salud te acompa\u00f1amos en todo tu camino<\/strong><\/em><\/p>\t\t\t\t\t\t<\/div>\n\t\t\t\t<\/div>\n\t\t\t\t<\/div>\n\t\t\t\t<\/div>\n\t\t","protected":false},"excerpt":{"rendered":"<p>Children&#8217;s audiology is advancing at a fantastic pace, as today&#8217;s technologies combined with regular rehabilitation provide more opportunities for children with hearing problems. Nowadays, neonatal screening is performed at birth and with this, a programme for rehabilitation can be implemented in the shortest possible time, which makes improvement possible. The paediatric audiologist specialises in providing [&hellip;]<\/p>\n","protected":false},"author":1,"featured_media":2705,"comment_status":"open","ping_status":"open","sticky":false,"template":"","format":"standard","meta":{"footnotes":""},"categories":[1],"tags":[],"class_list":["post-2702","post","type-post","status-publish","format-standard","has-post-thumbnail","hentry","category-sin-categorizar"],"acf":[],"_links":{"self":[{"href":"https:\/\/www.caisalud.com\/en\/wp-json\/wp\/v2\/posts\/2702","targetHints":{"allow":["GET"]}}],"collection":[{"href":"https:\/\/www.caisalud.com\/en\/wp-json\/wp\/v2\/posts"}],"about":[{"href":"https:\/\/www.caisalud.com\/en\/wp-json\/wp\/v2\/types\/post"}],"author":[{"embeddable":true,"href":"https:\/\/www.caisalud.com\/en\/wp-json\/wp\/v2\/users\/1"}],"replies":[{"embeddable":true,"href":"https:\/\/www.caisalud.com\/en\/wp-json\/wp\/v2\/comments?post=2702"}],"version-history":[{"count":2,"href":"https:\/\/www.caisalud.com\/en\/wp-json\/wp\/v2\/posts\/2702\/revisions"}],"predecessor-version":[{"id":2746,"href":"https:\/\/www.caisalud.com\/en\/wp-json\/wp\/v2\/posts\/2702\/revisions\/2746"}],"wp:featuredmedia":[{"embeddable":true,"href":"https:\/\/www.caisalud.com\/en\/wp-json\/wp\/v2\/media\/2705"}],"wp:attachment":[{"href":"https:\/\/www.caisalud.com\/en\/wp-json\/wp\/v2\/media?parent=2702"}],"wp:term":[{"taxonomy":"category","embeddable":true,"href":"https:\/\/www.caisalud.com\/en\/wp-json\/wp\/v2\/categories?post=2702"},{"taxonomy":"post_tag","embeddable":true,"href":"https:\/\/www.caisalud.com\/en\/wp-json\/wp\/v2\/tags?post=2702"}],"curies":[{"name":"wp","href":"https:\/\/api.w.org\/{rel}","templated":true}]}}