{"id":2663,"date":"2024-11-06T12:08:22","date_gmt":"2024-11-06T11:08:22","guid":{"rendered":"https:\/\/www.caisalud.com\/?p=2663"},"modified":"2024-11-06T12:10:43","modified_gmt":"2024-11-06T11:10:43","slug":"the-importance-of-childrens-audiology-14","status":"publish","type":"post","link":"https:\/\/www.caisalud.com\/en\/the-importance-of-childrens-audiology-14\/","title":{"rendered":"The importance of children&#8217;s audiology"},"content":{"rendered":"\t\t<div data-elementor-type=\"wp-post\" data-elementor-id=\"2663\" class=\"elementor elementor-2663 elementor-2662\" data-elementor-post-type=\"post\">\n\t\t\t\t<div class=\"elementor-element elementor-element-24590ab e-con-full e-flex e-con e-parent\" data-id=\"24590ab\" data-element_type=\"container\" data-settings=\"{&quot;content_width&quot;:&quot;full&quot;,&quot;container_type&quot;:&quot;flex&quot;}\" data-core-v316-plus=\"true\">\n\t\t\t\t<div class=\"elementor-element elementor-element-e720b4b elementor-widget-tablet_extra__width-initial elementor-widget elementor-widget-text-editor\" data-id=\"e720b4b\" data-element_type=\"widget\" data-widget_type=\"text-editor.default\">\n\t\t\t\t<div class=\"elementor-widget-container\">\n\t\t\t<style>\/*! elementor - v3.19.0 - 29-01-2024 *\/\n.elementor-widget-text-editor.elementor-drop-cap-view-stacked .elementor-drop-cap{background-color:#69727d;color:#fff}.elementor-widget-text-editor.elementor-drop-cap-view-framed .elementor-drop-cap{color:#69727d;border:3px solid;background-color:transparent}.elementor-widget-text-editor:not(.elementor-drop-cap-view-default) .elementor-drop-cap{margin-top:8px}.elementor-widget-text-editor:not(.elementor-drop-cap-view-default) .elementor-drop-cap-letter{width:1em;height:1em}.elementor-widget-text-editor .elementor-drop-cap{float:left;text-align:center;line-height:1;font-size:50px}.elementor-widget-text-editor .elementor-drop-cap-letter{display:inline-block}<\/style>\t\t\t\t<p>Children&#8217;s audiology is advancing at a fantastic pace, as today&#8217;s technologies combined with regular rehabilitation provide more opportunities for children with hearing problems.<\/p><p>Nowadays, neonatal screening is performed at birth and with this, a programme for rehabilitation can be implemented in the shortest possible time, which makes improvement possible.<\/p><p>The paediatric audiologist specialises in providing children with hearing loss with all the resources for diagnosis, assessment, auditory stimulation and prosthetic rehabilitation.<\/p>\t\t\t\t\t\t<\/div>\n\t\t\t\t<\/div>\n\t\t\t\t<\/div>\n\t\t<div class=\"elementor-element elementor-element-ea28357 e-flex e-con-boxed e-con e-parent\" data-id=\"ea28357\" data-element_type=\"container\" data-settings=\"{&quot;container_type&quot;:&quot;flex&quot;,&quot;content_width&quot;:&quot;boxed&quot;}\" data-core-v316-plus=\"true\">\n\t\t\t\t\t<div class=\"e-con-inner\">\n\t\t\t\t<div class=\"elementor-element elementor-element-5a5c405 elementor-widget elementor-widget-heading\" data-id=\"5a5c405\" data-element_type=\"widget\" data-widget_type=\"heading.default\">\n\t\t\t\t<div class=\"elementor-widget-container\">\n\t\t\t<style>\/*! elementor - v3.19.0 - 29-01-2024 *\/\n.elementor-heading-title{padding:0;margin:0;line-height:1}.elementor-widget-heading .elementor-heading-title[class*=elementor-size-]>a{color:inherit;font-size:inherit;line-height:inherit}.elementor-widget-heading .elementor-heading-title.elementor-size-small{font-size:15px}.elementor-widget-heading .elementor-heading-title.elementor-size-medium{font-size:19px}.elementor-widget-heading .elementor-heading-title.elementor-size-large{font-size:29px}.elementor-widget-heading .elementor-heading-title.elementor-size-xl{font-size:39px}.elementor-widget-heading .elementor-heading-title.elementor-size-xxl{font-size:59px}<\/style><h2 class=\"elementor-heading-title elementor-size-default\">\u00bfQu\u00e9 es la discapacidad auditiva?<\/h2>\t\t<\/div>\n\t\t\t\t<\/div>\n\t\t\t\t<div class=\"elementor-element elementor-element-ed7ba0b elementor-widget elementor-widget-text-editor\" data-id=\"ed7ba0b\" data-element_type=\"widget\" data-widget_type=\"text-editor.default\">\n\t\t\t\t<div class=\"elementor-widget-container\">\n\t\t\t\t\t\t\t<p>Hablamos que una persona tiene una discapacidad auditiva cuando presenta un cuadro de una <strong>p\u00e9rdida parcial o total<\/strong> de su capacidad de o\u00edr.<\/p>\n<p>Esta condici\u00f3n puede presentarse o solo <b>en un o\u00eddo o en ambos<\/b> y puede variar en grados de severidad. Hay pacientes con una p\u00e9rdida auditiva leve y otros con una profunda.\u00a0<\/p>\n<p>La discapacidad auditiva<strong> no solo afecta a la capacidad de o\u00edr<\/strong>, tambi\u00e9n el d\u00eda a d\u00eda de los pacientes que la padecen sufren en el entorno social, laboral y educativo.<\/p>\n\t\t\t\t\t\t<\/div>\n\t\t\t\t<\/div>\n\t\t\t\t\t<\/div>\n\t\t\t\t<\/div>\n\t\t<div class=\"elementor-element elementor-element-209496c e-flex e-con-boxed e-con e-parent\" data-id=\"209496c\" data-element_type=\"container\" data-settings=\"{&quot;container_type&quot;:&quot;flex&quot;,&quot;content_width&quot;:&quot;boxed&quot;}\" data-core-v316-plus=\"true\">\n\t\t\t\t\t<div class=\"e-con-inner\">\n\t\t\t\t<div class=\"elementor-element elementor-element-b46fbec elementor-widget elementor-widget-heading\" data-id=\"b46fbec\" data-element_type=\"widget\" data-widget_type=\"heading.default\">\n\t\t\t\t<div class=\"elementor-widget-container\">\n\t\t\t<h2 class=\"elementor-heading-title elementor-size-default\">Tipos de discapacidad auditiva<\/h2>\t\t<\/div>\n\t\t\t\t<\/div>\n\t\t\t\t<div class=\"elementor-element elementor-element-043f919 elementor-widget elementor-widget-text-editor\" data-id=\"043f919\" data-element_type=\"widget\" data-widget_type=\"text-editor.default\">\n\t\t\t\t<div class=\"elementor-widget-container\">\n\t\t\t\t\t\t\t<p>Un paciente puede presentar diferentes cuadros de discapacidad auditiva.<\/p>\n\t\t\t\t\t\t<\/div>\n\t\t\t\t<\/div>\n\t\t\t\t<div class=\"elementor-element elementor-element-8ada30d elementor-widget elementor-widget-heading\" data-id=\"8ada30d\" data-element_type=\"widget\" data-widget_type=\"heading.default\">\n\t\t\t\t<div class=\"elementor-widget-container\">\n\t\t\t<h3 class=\"elementor-heading-title elementor-size-default\">Discapacidad auditiva leve<\/h3>\t\t<\/div>\n\t\t\t\t<\/div>\n\t\t\t\t<div class=\"elementor-element elementor-element-79dc919 elementor-widget elementor-widget-text-editor\" data-id=\"79dc919\" data-element_type=\"widget\" data-widget_type=\"text-editor.default\">\n\t\t\t\t<div class=\"elementor-widget-container\">\n\t\t\t\t\t\t\t<p>Hablamos de una discapacidad auditiva leve cuando un paciente tiene dificultad \u00fanicamente cuando no escucha sonidos suaves o tiene dificultades para escuchar claramente en entornos ruidosos.\u00a0<\/p>\n<p><strong>P\u00e9rdida auditiva entre 20 y 40 dB.<\/strong><\/p>\n<p>Las personas con este tipo de p\u00e9rdida auditiva suelen tener <strong>problemas para seguir conversaciones<\/strong> en grupo o captar los tonos bajos de la voz.<\/p>\n\t\t\t\t\t\t<\/div>\n\t\t\t\t<\/div>\n\t\t\t\t<div class=\"elementor-element elementor-element-d86bd2a elementor-widget elementor-widget-heading\" data-id=\"d86bd2a\" data-element_type=\"widget\" data-widget_type=\"heading.default\">\n\t\t\t\t<div class=\"elementor-widget-container\">\n\t\t\t<h3 class=\"elementor-heading-title elementor-size-default\">Discapacidad auditiva moderada<\/h3>\t\t<\/div>\n\t\t\t\t<\/div>\n\t\t\t\t<div class=\"elementor-element elementor-element-c8ceace elementor-widget elementor-widget-text-editor\" data-id=\"c8ceace\" data-element_type=\"widget\" data-widget_type=\"text-editor.default\">\n\t\t\t\t<div class=\"elementor-widget-container\">\n\t\t\t\t\t\t\t<p>Este tipo de p\u00e9rdida auditiva requiere un esfuerzo constante para escuchar, y el uso de aud\u00edfonos puede ser necesario para mejorar la audici\u00f3n.<\/p>\n<p style=\"text-align: left;\"><strong>P\u00e9rdida auditiva entre 41 y 70 dB.<\/strong><\/p>\n<p>Suelen tener dificultades a la hora escuchar lo que se dice en conversaciones normales.\u00a0<\/p>\n\t\t\t\t\t\t<\/div>\n\t\t\t\t<\/div>\n\t\t\t\t<div class=\"elementor-element elementor-element-5efc72f elementor-widget elementor-widget-heading\" data-id=\"5efc72f\" data-element_type=\"widget\" data-widget_type=\"heading.default\">\n\t\t\t\t<div class=\"elementor-widget-container\">\n\t\t\t<h3 class=\"elementor-heading-title elementor-size-default\">Discapacidad auditiva severa<\/h3>\t\t<\/div>\n\t\t\t\t<\/div>\n\t\t\t\t<div class=\"elementor-element elementor-element-bcf52fb elementor-widget elementor-widget-text-editor\" data-id=\"bcf52fb\" data-element_type=\"widget\" data-widget_type=\"text-editor.default\">\n\t\t\t\t<div class=\"elementor-widget-container\">\n\t\t\t\t\t\t\t<p>En estos casos, la situaci\u00f3n ya es m\u00e1s grave. Un paciente con una p\u00e9rdida auditiva severa ya tiene una dificultad para escuchar cualquier ruido, tambi\u00e9n los fuertes.\u00a0<\/p>\n<p><strong>P\u00e9rdida auditiva entre 71 y 90 dB<\/strong><\/p>\n<p>El tratamiento m\u00e1s indicado para estos pacientes es el uso de aud\u00edfonos potentes o, en algunos casos, los implantes cocleares.\u00a0<\/p>\n\t\t\t\t\t\t<\/div>\n\t\t\t\t<\/div>\n\t\t\t\t<div class=\"elementor-element elementor-element-572fc77 elementor-widget elementor-widget-heading\" data-id=\"572fc77\" data-element_type=\"widget\" data-widget_type=\"heading.default\">\n\t\t\t\t<div class=\"elementor-widget-container\">\n\t\t\t<h3 class=\"elementor-heading-title elementor-size-default\">Discapacidad auditiva profunda<\/h3>\t\t<\/div>\n\t\t\t\t<\/div>\n\t\t\t\t<div class=\"elementor-element elementor-element-b507f2b elementor-widget elementor-widget-text-editor\" data-id=\"b507f2b\" data-element_type=\"widget\" data-widget_type=\"text-editor.default\">\n\t\t\t\t<div class=\"elementor-widget-container\">\n\t\t\t\t\t\t\t<p>Las personas con este grado de p\u00e9rdida auditiva apenas pueden percibir los sonidos m\u00e1s fuertes y dependen casi exclusivamente de ayudas t\u00e9cnicas como implantes cocleares o la lectura de labios para comunicarse.<\/p>\n<p><strong>P\u00e9rdida auditiva superior a 90 dB<\/strong><\/p>\n\t\t\t\t\t\t<\/div>\n\t\t\t\t<\/div>\n\t\t\t\t<div class=\"elementor-element elementor-element-3fc50a2 elementor-widget elementor-widget-heading\" data-id=\"3fc50a2\" data-element_type=\"widget\" data-widget_type=\"heading.default\">\n\t\t\t\t<div class=\"elementor-widget-container\">\n\t\t\t<h2 class=\"elementor-heading-title elementor-size-default\">\u00bfCu\u00e1les son las causas de la discapacidad auditiva?<\/h2>\t\t<\/div>\n\t\t\t\t<\/div>\n\t\t\t\t<div class=\"elementor-element elementor-element-06b0476 elementor-widget elementor-widget-text-editor\" data-id=\"06b0476\" data-element_type=\"widget\" data-widget_type=\"text-editor.default\">\n\t\t\t\t<div class=\"elementor-widget-container\">\n\t\t\t\t\t\t\t<p>Una persona puede perder su capacidad de o\u00edr por diferentes motivos. Hay quienes que nacen con ello, pero muchas otras son por factores o situaciones que les han pasado durante su vida.\u00a0<\/p>\n\t\t\t\t\t\t<\/div>\n\t\t\t\t<\/div>\n\t\t\t\t<div class=\"elementor-element elementor-element-5482db1 elementor-widget elementor-widget-heading\" data-id=\"5482db1\" data-element_type=\"widget\" data-widget_type=\"heading.default\">\n\t\t\t\t<div class=\"elementor-widget-container\">\n\t\t\t<h3 class=\"elementor-heading-title elementor-size-default\">Causas cong\u00e9nitas<\/h3>\t\t<\/div>\n\t\t\t\t<\/div>\n\t\t\t\t<div class=\"elementor-element elementor-element-c30793f elementor-widget elementor-widget-text-editor\" data-id=\"c30793f\" data-element_type=\"widget\" data-widget_type=\"text-editor.default\">\n\t\t\t\t<div class=\"elementor-widget-container\">\n\t\t\t\t\t\t\t<p>Pueden deberse a factores gen\u00e9ticos<strong>, malformaciones en el desarrollo del o\u00eddo<\/strong> o infecciones prenatales que afectan la audici\u00f3n del feto, como la rub\u00e9ola o el citomegalovirus.<\/p>\n\t\t\t\t\t\t<\/div>\n\t\t\t\t<\/div>\n\t\t\t\t<div class=\"elementor-element elementor-element-c00dee2 elementor-widget elementor-widget-heading\" data-id=\"c00dee2\" data-element_type=\"widget\" data-widget_type=\"heading.default\">\n\t\t\t\t<div class=\"elementor-widget-container\">\n\t\t\t<h3 class=\"elementor-heading-title elementor-size-default\">Causas adquiridas<\/h3>\t\t<\/div>\n\t\t\t\t<\/div>\n\t\t\t\t<div class=\"elementor-element elementor-element-3532666 elementor-widget elementor-widget-text-editor\" data-id=\"3532666\" data-element_type=\"widget\" data-widget_type=\"text-editor.default\">\n\t\t\t\t<div class=\"elementor-widget-container\">\n\t\t\t\t\t\t\t<p>Aqu\u00ed es donde entran otros factores que no son gen\u00e9ticos. Los m\u00e1s comunes son:\u00a0<\/p>\n<ul>\n<li>Infecciones del o\u00eddo<\/li>\n<li>Exposici\u00f3n prolongada a ruidos fuertes<\/li>\n<li>Traumatismos craneales o enfermedades como la meningitis.\u00a0<\/li>\n<\/ul>\n\t\t\t\t\t\t<\/div>\n\t\t\t\t<\/div>\n\t\t\t\t<div class=\"elementor-element elementor-element-156d9fe elementor-widget elementor-widget-heading\" data-id=\"156d9fe\" data-element_type=\"widget\" data-widget_type=\"heading.default\">\n\t\t\t\t<div class=\"elementor-widget-container\">\n\t\t\t<h3 class=\"elementor-heading-title elementor-size-default\">Factores de riesgo y prevenci\u00f3n<\/h3>\t\t<\/div>\n\t\t\t\t<\/div>\n\t\t\t\t<div class=\"elementor-element elementor-element-932e347 elementor-widget elementor-widget-text-editor\" data-id=\"932e347\" data-element_type=\"widget\" data-widget_type=\"text-editor.default\">\n\t\t\t\t<div class=\"elementor-widget-container\">\n\t\t\t\t\t\t\t<p>En <b>nuestro d\u00eda a d\u00eda<\/b> podemos estar ante situaciones que, a la larga, pueden afectar a nuestra escuchar, provoc\u00e1ndonos una p\u00e9rdida auditiva sin saberlo.\u00a0<\/p>\n<ul>\n<li>Uso diario de dispositivos con volumen alto<\/li>\n<li>Exposici\u00f3n a ruidos fuerte en el trabajo o en momentos de ocio<\/li>\n<li>No tratar a tiempo infecciones del o\u00eddo<\/li>\n<\/ul>\n\t\t\t\t\t\t<\/div>\n\t\t\t\t<\/div>\n\t\t\t\t\t<\/div>\n\t\t\t\t<\/div>\n\t\t<div class=\"elementor-element elementor-element-2f51a13 e-con-full e-flex e-con e-parent\" data-id=\"2f51a13\" data-element_type=\"container\" data-settings=\"{&quot;content_width&quot;:&quot;full&quot;,&quot;container_type&quot;:&quot;flex&quot;}\" data-core-v316-plus=\"true\">\n\t\t\t\t<div class=\"elementor-element elementor-element-a1d213c elementor-widget elementor-widget-heading\" data-id=\"a1d213c\" data-element_type=\"widget\" data-widget_type=\"heading.default\">\n\t\t\t\t<div class=\"elementor-widget-container\">\n\t\t\t<h2 class=\"elementor-heading-title elementor-size-default\">\u00bfC\u00f3mo afecta una discapacidad auditiva en la vida diaria?<\/h2>\t\t<\/div>\n\t\t\t\t<\/div>\n\t\t\t\t<div class=\"elementor-element elementor-element-9e2ffcf elementor-widget elementor-widget-text-editor\" data-id=\"9e2ffcf\" data-element_type=\"widget\" data-widget_type=\"text-editor.default\">\n\t\t\t\t<div class=\"elementor-widget-container\">\n\t\t\t\t\t\t\t<p>Ahora nos metemos en la piel de un paciente que presenta discapacidad auditiva y vamos a ver c\u00f3mo es su d\u00eda a d\u00eda.\u00a0<\/p>\n\t\t\t\t\t\t<\/div>\n\t\t\t\t<\/div>\n\t\t\t\t<div class=\"elementor-element elementor-element-49a4a6f elementor-widget elementor-widget-heading\" data-id=\"49a4a6f\" data-element_type=\"widget\" data-widget_type=\"heading.default\">\n\t\t\t\t<div class=\"elementor-widget-container\">\n\t\t\t<h3 class=\"elementor-heading-title elementor-size-default\">Comunicaci\u00f3n y relaciones sociales<\/h3>\t\t<\/div>\n\t\t\t\t<\/div>\n\t\t\t\t<div class=\"elementor-element elementor-element-bea8d60 elementor-widget elementor-widget-text-editor\" data-id=\"bea8d60\" data-element_type=\"widget\" data-widget_type=\"text-editor.default\">\n\t\t\t\t<div class=\"elementor-widget-container\">\n\t\t\t\t\t\t\t<p>Las personas somos sociales y nos encanta estar con los nuestros. Todos los d\u00edas socializamos, de una manera u otra, con amigos o en el trabajo.\u00a0<\/p>\n<p>Algo que parece sencillo, para una persona con discapacidad auditiva se le puede hacer cuesta arriba. D\u00eda a d\u00eda se enfrentan a <strong>situaciones dif\u00edciles<\/strong> para seguir conversaciones, afectando a su relaci\u00f3n laboral y social.\u00a0<\/p>\n\t\t\t\t\t\t<\/div>\n\t\t\t\t<\/div>\n\t\t\t\t<div class=\"elementor-element elementor-element-6b3c300 elementor-widget elementor-widget-heading\" data-id=\"6b3c300\" data-element_type=\"widget\" data-widget_type=\"heading.default\">\n\t\t\t\t<div class=\"elementor-widget-container\">\n\t\t\t<h3 class=\"elementor-heading-title elementor-size-default\">Desarrollo cognitivo y educativo en ni\u00f1os<\/h3>\t\t<\/div>\n\t\t\t\t<\/div>\n\t\t\t\t<div class=\"elementor-element elementor-element-b5484a8 elementor-widget elementor-widget-text-editor\" data-id=\"b5484a8\" data-element_type=\"widget\" data-widget_type=\"text-editor.default\">\n\t\t\t\t<div class=\"elementor-widget-container\">\n\t\t\t\t\t\t\t<p>Esta condici\u00f3n no solo afecta a las personas adultas. Los m\u00e1s peque\u00f1os tambi\u00e9n pueden desarrollar una p\u00e9rdida auditiva desde su nacimiento.\u00a0<span style=\"color: var( --e-global-color-text ); font-family: var( --e-global-typography-text-font-family ), Sans-serif; font-size: var( --e-global-typography-text-font-size ); font-weight: var( --e-global-typography-text-font-weight ); text-align: var(--text-align);\">Alrededor de <\/span><strong style=\"color: var( --e-global-color-text ); font-family: var( --e-global-typography-text-font-family ), Sans-serif; font-size: var( --e-global-typography-text-font-size ); text-align: var(--text-align);\">34 millones de ni\u00f1os<\/strong><span style=\"color: var( --e-global-color-text ); font-family: var( --e-global-typography-text-font-family ), Sans-serif; font-size: var( --e-global-typography-text-font-size ); font-weight: var( --e-global-typography-text-font-weight ); text-align: var(--text-align);\"> en todo el mundo viven con p\u00e9rdida auditiva.<\/span><\/p>\n<p>Les puede afectar en el desarrollo del lenguaje, la comprensi\u00f3n y la capacidad de aprendizaje. <strong>Si no se detecta y trata a tiempo<\/strong>, puede impactar su rendimiento acad\u00e9mico y su desarrollo cognitivo.\u00a0<\/p>\n\t\t\t\t\t\t<\/div>\n\t\t\t\t<\/div>\n\t\t\t\t<div class=\"elementor-element elementor-element-af1cc9d elementor-widget elementor-widget-heading\" data-id=\"af1cc9d\" data-element_type=\"widget\" data-widget_type=\"heading.default\">\n\t\t\t\t<div class=\"elementor-widget-container\">\n\t\t\t<h3 class=\"elementor-heading-title elementor-size-default\">Efectos en el bienestar emocional y mental<\/h3>\t\t<\/div>\n\t\t\t\t<\/div>\n\t\t\t\t<div class=\"elementor-element elementor-element-f5bcf15 elementor-widget elementor-widget-text-editor\" data-id=\"f5bcf15\" data-element_type=\"widget\" data-widget_type=\"text-editor.default\">\n\t\t\t\t<div class=\"elementor-widget-container\">\n\t\t\t\t\t\t\t<p>Muchos pacientes con discapacidad auditiva experimentan frustraci\u00f3n, <strong>ansiedad<\/strong> y, en algunos casos, <strong>depresi\u00f3n<\/strong>, debido a las dificultades de comunicaci\u00f3n y a la sensaci\u00f3n de aislamiento.<\/p>\n\t\t\t\t\t\t<\/div>\n\t\t\t\t<\/div>\n\t\t\t\t<div class=\"elementor-element elementor-element-dd37eb6 elementor-widget elementor-widget-heading\" data-id=\"dd37eb6\" data-element_type=\"widget\" data-widget_type=\"heading.default\">\n\t\t\t\t<div class=\"elementor-widget-container\">\n\t\t\t<h2 class=\"elementor-heading-title elementor-size-default\">Diagn\u00f3stico de la discapacidad auditiva<\/h2>\t\t<\/div>\n\t\t\t\t<\/div>\n\t\t\t\t<div class=\"elementor-element elementor-element-49db25c elementor-widget elementor-widget-text-editor\" data-id=\"49db25c\" data-element_type=\"widget\" data-widget_type=\"text-editor.default\">\n\t\t\t\t<div class=\"elementor-widget-container\">\n\t\t\t\t\t\t\t<p>En muchos pa\u00edses, solo entre el <strong>15% y 20%<\/strong> de los adultos se realizan revisiones auditivas regulares, a pesar de que la p\u00e9rdida auditiva es una de las condiciones m\u00e1s comunes asociadas con el envejecimiento.<\/p>\n<p>Por ello, es muy importante realizarse algunas revisiones y controlar que todo va bien dentro de nuestro o\u00eddo.\u00a0<\/p>\n\t\t\t\t\t\t<\/div>\n\t\t\t\t<\/div>\n\t\t\t\t<div class=\"elementor-element elementor-element-32e7097 elementor-widget elementor-widget-heading\" data-id=\"32e7097\" data-element_type=\"widget\" data-widget_type=\"heading.default\">\n\t\t\t\t<div class=\"elementor-widget-container\">\n\t\t\t<h3 class=\"elementor-heading-title elementor-size-default\">M\u00e9todos de evaluaci\u00f3n<\/h3>\t\t<\/div>\n\t\t\t\t<\/div>\n\t\t\t\t<div class=\"elementor-element elementor-element-b40ddad elementor-widget elementor-widget-text-editor\" data-id=\"b40ddad\" data-element_type=\"widget\" data-widget_type=\"text-editor.default\">\n\t\t\t\t<div class=\"elementor-widget-container\">\n\t\t\t\t\t\t\t<p>En nuestros centros auditivos contamos con las mejores herramientas y <strong>utilizamos tecnolog\u00eda de vanguardia<\/strong> para realizar revisiones auditivas.\u00a0<\/p>\n<p>Nuestras pruebas incluyen:<\/p>\n<ul>\n<li>Audiometr\u00edas tonales<\/li>\n<li>Pruebas de umbral auditivo\u00a0<\/li>\n<\/ul>\n\t\t\t\t\t\t<\/div>\n\t\t\t\t<\/div>\n\t\t\t\t<div class=\"elementor-element elementor-element-55afa8a elementor-widget elementor-widget-heading\" data-id=\"55afa8a\" data-element_type=\"widget\" data-widget_type=\"heading.default\">\n\t\t\t\t<div class=\"elementor-widget-container\">\n\t\t\t<h3 class=\"elementor-heading-title elementor-size-default\">Importancia de la detecci\u00f3n temprana<\/h3>\t\t<\/div>\n\t\t\t\t<\/div>\n\t\t\t\t<div class=\"elementor-element elementor-element-ea9e6ff elementor-widget elementor-widget-text-editor\" data-id=\"ea9e6ff\" data-element_type=\"widget\" data-widget_type=\"text-editor.default\">\n\t\t\t\t<div class=\"elementor-widget-container\">\n\t\t\t\t\t\t\t<p>La detecci\u00f3n temprana es clave para que, si hay ya un problema de audici\u00f3n, <b>no vaya a m\u00e1s<\/b>.\u00a0<\/p>\n<p>En el caso de los ni\u00f1os, la identificaci\u00f3n r\u00e1pida de una p\u00e9rdida auditiva puede prevenir problemas de desarrollo del lenguaje y el aprendizaje.<\/p>\n\t\t\t\t\t\t<\/div>\n\t\t\t\t<\/div>\n\t\t\t\t<div class=\"elementor-element elementor-element-2e7bca5 elementor-widget elementor-widget-heading\" data-id=\"2e7bca5\" data-element_type=\"widget\" data-widget_type=\"heading.default\">\n\t\t\t\t<div class=\"elementor-widget-container\">\n\t\t\t<h3 class=\"elementor-heading-title elementor-size-default\">C\u00e1lculo del grado de p\u00e9rdida auditiva<\/h3>\t\t<\/div>\n\t\t\t\t<\/div>\n\t\t\t\t<div class=\"elementor-element elementor-element-020d82a elementor-widget elementor-widget-text-editor\" data-id=\"020d82a\" data-element_type=\"widget\" data-widget_type=\"text-editor.default\">\n\t\t\t\t<div class=\"elementor-widget-container\">\n\t\t\t\t\t\t\t<p>El grado de p\u00e9rdida auditiva <b>se calcula en decibelios (dB)<\/b>, que mide la intensidad del sonido que una persona puede escuchar. Dependiendo de la severidad, la p\u00e9rdida auditiva se clasifica en leve, moderada, severa o profunda.<\/p>\n\t\t\t\t\t\t<\/div>\n\t\t\t\t<\/div>\n\t\t\t\t<div class=\"elementor-element elementor-element-fe5e6d0 elementor-widget elementor-widget-heading\" data-id=\"fe5e6d0\" data-element_type=\"widget\" data-widget_type=\"heading.default\">\n\t\t\t\t<div class=\"elementor-widget-container\">\n\t\t\t<h2 class=\"elementor-heading-title elementor-size-default\"> Tratamiento para la discapacidad auditiva<\/h2>\t\t<\/div>\n\t\t\t\t<\/div>\n\t\t\t\t<div class=\"elementor-element elementor-element-2df8eae elementor-widget elementor-widget-text-editor\" data-id=\"2df8eae\" data-element_type=\"widget\" data-widget_type=\"text-editor.default\">\n\t\t\t\t<div class=\"elementor-widget-container\">\n\t\t\t\t\t\t\t<p>Dependiendo del grado de p\u00e9rdida auditiva y de las necesidades del paciente, en <strong>CAI Salud<\/strong> ofrecemos tratamientos y soluciones 100% personalizadas.\u00a0<\/p>\n\t\t\t\t\t\t<\/div>\n\t\t\t\t<\/div>\n\t\t\t\t<div class=\"elementor-element elementor-element-a53e71e elementor-widget elementor-widget-heading\" data-id=\"a53e71e\" data-element_type=\"widget\" data-widget_type=\"heading.default\">\n\t\t\t\t<div class=\"elementor-widget-container\">\n\t\t\t<h3 class=\"elementor-heading-title elementor-size-default\">Uso de aud\u00edfonos<\/h3>\t\t<\/div>\n\t\t\t\t<\/div>\n\t\t\t\t<div class=\"elementor-element elementor-element-5978595 elementor-widget elementor-widget-text-editor\" data-id=\"5978595\" data-element_type=\"widget\" data-widget_type=\"text-editor.default\">\n\t\t\t\t<div class=\"elementor-widget-container\">\n\t\t\t\t\t\t\t<p>Este tratamiento es el m\u00e1s indicado para aquellos pacientes que presentan una p\u00e9rdida de audici\u00f3n de leve a severa.&nbsp;<\/p>\n<p>En nuestros centros contamos con los <strong>mejores aud\u00edfonos<\/strong> del mercado de la marca Phonak. En nuestro cat\u00e1logo podr\u00e1s encontrar con diferentes modelos que est\u00e1n pensados para los diferentes grados de discapacidad auditiva.&nbsp;<\/p>\t\t\t\t\t\t<\/div>\n\t\t\t\t<\/div>\n\t\t\t\t<div class=\"elementor-element elementor-element-1798355 elementor-widget elementor-widget-heading\" data-id=\"1798355\" data-element_type=\"widget\" data-widget_type=\"heading.default\">\n\t\t\t\t<div class=\"elementor-widget-container\">\n\t\t\t<h3 class=\"elementor-heading-title elementor-size-default\">Implantes cocleares<\/h3>\t\t<\/div>\n\t\t\t\t<\/div>\n\t\t\t\t<div class=\"elementor-element elementor-element-75b4f9f elementor-widget elementor-widget-text-editor\" data-id=\"75b4f9f\" data-element_type=\"widget\" data-widget_type=\"text-editor.default\">\n\t\t\t\t<div class=\"elementor-widget-container\">\n\t\t\t\t\t\t\t<p>Los implantes cocleares son dispositivos quir\u00fargicos que <strong>estimulan directamente el nervio auditivo,<\/strong> permitiendo a las personas con p\u00e9rdida auditiva profunda escuchar sonidos.<\/p>\n<p>Este tratamiento est\u00e1 pensando para aquellas personas que tiene una sordera profunda.\u00a0<\/p>\n\t\t\t\t\t\t<\/div>\n\t\t\t\t<\/div>\n\t\t\t\t<div class=\"elementor-element elementor-element-70bde5e elementor-widget elementor-widget-heading\" data-id=\"70bde5e\" data-element_type=\"widget\" data-widget_type=\"heading.default\">\n\t\t\t\t<div class=\"elementor-widget-container\">\n\t\t\t<h3 class=\"elementor-heading-title elementor-size-default\">Terapia auditiva y rehabilitaci\u00f3n<\/h3>\t\t<\/div>\n\t\t\t\t<\/div>\n\t\t\t\t<div class=\"elementor-element elementor-element-69030b5 elementor-widget elementor-widget-text-editor\" data-id=\"69030b5\" data-element_type=\"widget\" data-widget_type=\"text-editor.default\">\n\t\t\t\t<div class=\"elementor-widget-container\">\n\t\t\t\t\t\t\t<p>La terapia auditiva y la rehabilitaci\u00f3n son procesos dise\u00f1ados para ayudar a las personas con p\u00e9rdida auditiva a adaptarse y mejorar su capacidad para comunicarse. Esto puede incluir:<\/p>\n<ul>\n<li>Entrenamiento en lectura de labios<\/li>\n<li>Terapia del habla<\/li>\n<li>Ense\u00f1anza de estrategias de comunicaci\u00f3n<\/li>\n<\/ul>\n\t\t\t\t\t\t<\/div>\n\t\t\t\t<\/div>\n\t\t\t\t<div class=\"elementor-element elementor-element-9a5dcbc elementor-widget elementor-widget-heading\" data-id=\"9a5dcbc\" data-element_type=\"widget\" data-widget_type=\"heading.default\">\n\t\t\t\t<div class=\"elementor-widget-container\">\n\t\t\t<h3 class=\"elementor-heading-title elementor-size-default\">Apoyo educativo y social<\/h3>\t\t<\/div>\n\t\t\t\t<\/div>\n\t\t\t\t<div class=\"elementor-element elementor-element-a186eab elementor-widget elementor-widget-text-editor\" data-id=\"a186eab\" data-element_type=\"widget\" data-widget_type=\"text-editor.default\">\n\t\t\t\t<div class=\"elementor-widget-container\">\n\t\t\t\t\t\t\t<p>El apoyo educativo y social es esencial para ayudar a las personas con discapacidad auditiva a <b>integrarse <\/b>plenamente en la sociedad.<\/p>\n<p>En caso de las escuelas,<strong> se adapta el entorno educativo<\/strong> para que los ni\u00f1os y ni\u00f1as con p\u00e9rdidas auditivas se sientan totalmente en un espacio seguro.\u00a0<\/p>\n\t\t\t\t\t\t<\/div>\n\t\t\t\t<\/div>\n\t\t\t\t<div class=\"elementor-element elementor-element-20551a2 elementor-widget elementor-widget-heading\" data-id=\"20551a2\" data-element_type=\"widget\" data-widget_type=\"heading.default\">\n\t\t\t\t<div class=\"elementor-widget-container\">\n\t\t\t<h2 class=\"elementor-heading-title elementor-size-default\">Ayudas para personas con discapacidad auditiva<\/h2>\t\t<\/div>\n\t\t\t\t<\/div>\n\t\t\t\t<div class=\"elementor-element elementor-element-b67a454 elementor-widget elementor-widget-text-editor\" data-id=\"b67a454\" data-element_type=\"widget\" data-widget_type=\"text-editor.default\">\n\t\t\t\t<div class=\"elementor-widget-container\">\n\t\t\t\t\t\t\t<p>Sabemos que los tratamientos para controlar la discapacidad auditiva pueden ser un desembolso importante de dinero. Sin embargo, en Espa\u00f1a, existen diferentes <strong>ayudas para comprar aud\u00edfonos<\/strong> y otras soluciones.\u00a0<\/p>\n\t\t\t\t\t\t<\/div>\n\t\t\t\t<\/div>\n\t\t\t\t<div class=\"elementor-element elementor-element-bdb988f elementor-widget elementor-widget-heading\" data-id=\"bdb988f\" data-element_type=\"widget\" data-widget_type=\"heading.default\">\n\t\t\t\t<div class=\"elementor-widget-container\">\n\t\t\t<h3 class=\"elementor-heading-title elementor-size-default\">Pensiones por discapacidad auditiva<\/h3>\t\t<\/div>\n\t\t\t\t<\/div>\n\t\t\t\t<div class=\"elementor-element elementor-element-6ae7f65 elementor-widget elementor-widget-text-editor\" data-id=\"6ae7f65\" data-element_type=\"widget\" data-widget_type=\"text-editor.default\">\n\t\t\t\t<div class=\"elementor-widget-container\">\n\t\t\t\t\t\t\t<p>Las personas que tienen una discapacidad auditiva reconocida en Espa\u00f1a pueden acceder a pensiones o subsidios econ\u00f3micos si cumplen con ciertos requisitos.<\/p>\n<p>Una de las principales ayudas es la <strong>pensi\u00f3n no contributiva por invalidez<\/strong>, destinada a personas que no han cotizado lo suficiente a la Seguridad Social para recibir una pensi\u00f3n contributiva. Esta pensi\u00f3n es accesible para personas con una <strong>discapacidad igual o superior al 33%<\/strong>.<\/p>\n<p>Esta pensi\u00f3n est\u00e1 <b>regulada por la Seguridad Social<\/b> y su cuant\u00eda depende del grado de discapacidad y del nivel de cotizaci\u00f3n previo.<\/p>\n\t\t\t\t\t\t<\/div>\n\t\t\t\t<\/div>\n\t\t\t\t<div class=\"elementor-element elementor-element-1c09c8b elementor-widget elementor-widget-heading\" data-id=\"1c09c8b\" data-element_type=\"widget\" data-widget_type=\"heading.default\">\n\t\t\t\t<div class=\"elementor-widget-container\">\n\t\t\t<h3 class=\"elementor-heading-title elementor-size-default\">Ayudas econ\u00f3micas de discapacidad auditiva<\/h3>\t\t<\/div>\n\t\t\t\t<\/div>\n\t\t\t\t<div class=\"elementor-element elementor-element-6409910 elementor-widget elementor-widget-text-editor\" data-id=\"6409910\" data-element_type=\"widget\" data-widget_type=\"text-editor.default\">\n\t\t\t\t<div class=\"elementor-widget-container\">\n\t\t\t\t\t\t\t<p>Algunas comunidades aut\u00f3nomas ofrecen <strong>subvenciones para la adquisici\u00f3n de aud\u00edfonos<\/strong> y otros dispositivos de asistencia auditiva, que pueden cubrir parte o la totalidad del gasto final del tratamiento.<\/p>\n<p>Asimismo, existe un programa de <strong>ayudas para la adaptaci\u00f3n del puesto de trabajo<\/strong>, destinado a personas con discapacidad auditiva que necesitan adaptaciones espec\u00edficas para desempe\u00f1ar su trabajo. Este programa<strong> financia dispositivos<\/strong> como amplificadores telef\u00f3nicos, equipos de videoconferencia con subt\u00edtulos, y sistemas de alerta visuales y auditivos para mejorar la comunicaci\u00f3n en el entorno laboral.<\/p>\n\t\t\t\t\t\t<\/div>\n\t\t\t\t<\/div>\n\t\t\t\t<div class=\"elementor-element elementor-element-d831f2c elementor-widget elementor-widget-text-editor\" data-id=\"d831f2c\" data-element_type=\"widget\" data-widget_type=\"text-editor.default\">\n\t\t\t\t<div class=\"elementor-widget-container\">\n\t\t\t\t\t\t\t\t\t\t\t\t\t<\/div>\n\t\t\t\t<\/div>\n\t\t\t\t<\/div>\n\t\t<div class=\"elementor-element elementor-element-b0b40bc e-con-full e-flex e-con e-parent\" data-id=\"b0b40bc\" data-element_type=\"container\" data-settings=\"{&quot;content_width&quot;:&quot;full&quot;,&quot;container_type&quot;:&quot;flex&quot;}\" data-core-v316-plus=\"true\">\n\t\t\t\t<div class=\"elementor-element elementor-element-35ae108 elementor-widget-tablet_extra__width-initial elementor-widget elementor-widget-text-editor\" data-id=\"35ae108\" data-element_type=\"widget\" data-widget_type=\"text-editor.default\">\n\t\t\t\t<div class=\"elementor-widget-container\">\n\t\t\t\t\t\t\t<p>\u00bfEst\u00e1s buscando un centro auditivo en Alicante que encuentre el mejor tratamiento para <b>ponerle soluci\u00f3n a tu p\u00e9rdida auditiva?<\/b><\/p>\n<p>En CAI Salud contamos con los mejores profesionales del sector y te ofrecemos una atenci\u00f3n personalizada hasta encontrar el tratamiento que m\u00e1s se ajuste a tu situaci\u00f3n.\u00a0<\/p>\n<p><em><strong>En CAI Salud te acompa\u00f1amos en todo tu camino<\/strong><\/em><\/p>\n\t\t\t\t\t\t<\/div>\n\t\t\t\t<\/div>\n\t\t\t\t<\/div>\n\t\t\t\t<\/div>\n\t\t","protected":false},"excerpt":{"rendered":"<p>Children&#8217;s audiology is advancing at a fantastic pace, as today&#8217;s technologies combined with regular rehabilitation provide more opportunities for children with hearing problems. Nowadays, neonatal screening is performed at birth and with this, a programme for rehabilitation can be implemented in the shortest possible time, which makes improvement possible. The paediatric audiologist specialises in providing [&hellip;]<\/p>\n","protected":false},"author":1,"featured_media":2667,"comment_status":"open","ping_status":"open","sticky":false,"template":"","format":"standard","meta":{"footnotes":""},"categories":[1],"tags":[],"class_list":["post-2663","post","type-post","status-publish","format-standard","has-post-thumbnail","hentry","category-sin-categorizar"],"acf":[],"_links":{"self":[{"href":"https:\/\/www.caisalud.com\/en\/wp-json\/wp\/v2\/posts\/2663","targetHints":{"allow":["GET"]}}],"collection":[{"href":"https:\/\/www.caisalud.com\/en\/wp-json\/wp\/v2\/posts"}],"about":[{"href":"https:\/\/www.caisalud.com\/en\/wp-json\/wp\/v2\/types\/post"}],"author":[{"embeddable":true,"href":"https:\/\/www.caisalud.com\/en\/wp-json\/wp\/v2\/users\/1"}],"replies":[{"embeddable":true,"href":"https:\/\/www.caisalud.com\/en\/wp-json\/wp\/v2\/comments?post=2663"}],"version-history":[{"count":2,"href":"https:\/\/www.caisalud.com\/en\/wp-json\/wp\/v2\/posts\/2663\/revisions"}],"predecessor-version":[{"id":2693,"href":"https:\/\/www.caisalud.com\/en\/wp-json\/wp\/v2\/posts\/2663\/revisions\/2693"}],"wp:featuredmedia":[{"embeddable":true,"href":"https:\/\/www.caisalud.com\/en\/wp-json\/wp\/v2\/media\/2667"}],"wp:attachment":[{"href":"https:\/\/www.caisalud.com\/en\/wp-json\/wp\/v2\/media?parent=2663"}],"wp:term":[{"taxonomy":"category","embeddable":true,"href":"https:\/\/www.caisalud.com\/en\/wp-json\/wp\/v2\/categories?post=2663"},{"taxonomy":"post_tag","embeddable":true,"href":"https:\/\/www.caisalud.com\/en\/wp-json\/wp\/v2\/tags?post=2663"}],"curies":[{"name":"wp","href":"https:\/\/api.w.org\/{rel}","templated":true}]}}